{"id":308,"date":"2010-12-14T19:41:06","date_gmt":"2010-12-14T17:41:06","guid":{"rendered":"https:\/\/blog.zitnik.si\/?p=308"},"modified":"2015-08-05T15:39:07","modified_gmt":"2015-08-05T13:39:07","slug":"dan-fri-v-okviru-tedna-univerze-v-ljubljani","status":"publish","type":"post","link":"https:\/\/blog.zitnik.si\/?p=308","title":{"rendered":"Dan FRI v okviru tedna Univerze v Ljubljani"},"content":{"rendered":"<p>Tudi letos so najbolj\u0161im \u0161tudentom FRI podelili knji\u017ene nagrade za uspehe v \u0161olskem letu 2009\/2010.<\/p>\n<p>Prejel sem knji\u017eno nagrado za najbolj\u0161o povpre\u010dno oceno v 4. letniku \u0161tudija I\u0160RM in tudi za sodelovanje pri organizaciji srednje\u0161olskega ACM tekmovanja v znanju ra\u010dunalni\u0161tva.<\/p>\n<div id='gallery-1' class='gallery galleryid-308 gallery-columns-2 gallery-size-thumbnail'><figure class='gallery-item'>\n\t\t\t<div class='gallery-icon landscape'>\n\t\t\t\t<a href='https:\/\/blog.zitnik.si\/wp-content\/uploads\/2010\/12\/IMG_0313.jpg'><img loading=\"lazy\" decoding=\"async\" width=\"150\" height=\"150\" src=\"https:\/\/blog.zitnik.si\/wp-content\/uploads\/2010\/12\/IMG_0313-150x150.jpg\" class=\"attachment-thumbnail size-thumbnail\" alt=\"\" \/><\/a>\n\t\t\t<\/div><\/figure><figure class='gallery-item'>\n\t\t\t<div class='gallery-icon landscape'>\n\t\t\t\t<a href='https:\/\/blog.zitnik.si\/wp-content\/uploads\/2010\/12\/IMG_0314.jpg'><img loading=\"lazy\" decoding=\"async\" width=\"150\" height=\"150\" src=\"https:\/\/blog.zitnik.si\/wp-content\/uploads\/2010\/12\/IMG_0314-150x150.jpg\" class=\"attachment-thumbnail size-thumbnail\" alt=\"\" \/><\/a>\n\t\t\t<\/div><\/figure>\n\t\t<\/div>\n\n<div style=\"margin-top: 0px; margin-bottom: 0px;\" class=\"sharethis-inline-share-buttons\" ><\/div>","protected":false},"excerpt":{"rendered":"<p>Tudi letos so najbolj\u0161im \u0161tudentom FRI podelili knji\u017ene nagrade za uspehe v \u0161olskem letu 2009\/2010. Prejel sem knji\u017eno nagrado za najbolj\u0161o povpre\u010dno oceno v 4. letniku \u0161tudija I\u0160RM in tudi za sodelovanje pri organizaciji srednje\u0161olskega ACM tekmovanja v znanju ra\u010dunalni\u0161tva.<\/p>\n","protected":false},"author":1,"featured_media":0,"comment_status":"open","ping_status":"open","sticky":false,"template":"","format":"standard","meta":{"footnotes":""},"categories":[21],"tags":[],"class_list":["post-308","post","type-post","status-publish","format-standard","hentry","category-research","entry"],"_links":{"self":[{"href":"https:\/\/blog.zitnik.si\/index.php?rest_route=\/wp\/v2\/posts\/308","targetHints":{"allow":["GET"]}}],"collection":[{"href":"https:\/\/blog.zitnik.si\/index.php?rest_route=\/wp\/v2\/posts"}],"about":[{"href":"https:\/\/blog.zitnik.si\/index.php?rest_route=\/wp\/v2\/types\/post"}],"author":[{"embeddable":true,"href":"https:\/\/blog.zitnik.si\/index.php?rest_route=\/wp\/v2\/users\/1"}],"replies":[{"embeddable":true,"href":"https:\/\/blog.zitnik.si\/index.php?rest_route=%2Fwp%2Fv2%2Fcomments&post=308"}],"version-history":[{"count":2,"href":"https:\/\/blog.zitnik.si\/index.php?rest_route=\/wp\/v2\/posts\/308\/revisions"}],"predecessor-version":[{"id":1492,"href":"https:\/\/blog.zitnik.si\/index.php?rest_route=\/wp\/v2\/posts\/308\/revisions\/1492"}],"wp:attachment":[{"href":"https:\/\/blog.zitnik.si\/index.php?rest_route=%2Fwp%2Fv2%2Fmedia&parent=308"}],"wp:term":[{"taxonomy":"category","embeddable":true,"href":"https:\/\/blog.zitnik.si\/index.php?rest_route=%2Fwp%2Fv2%2Fcategories&post=308"},{"taxonomy":"post_tag","embeddable":true,"href":"https:\/\/blog.zitnik.si\/index.php?rest_route=%2Fwp%2Fv2%2Ftags&post=308"}],"curies":[{"name":"wp","href":"https:\/\/api.w.org\/{rel}","templated":true}]}}