{"id":12,"date":"2008-09-14T16:39:38","date_gmt":"2008-09-14T14:39:38","guid":{"rendered":"https:\/\/blog.zitnik.si\/?p=12"},"modified":"2015-08-05T15:48:25","modified_gmt":"2015-08-05T13:48:25","slug":"mednarodni-obrtni-sejem-mos-2008","status":"publish","type":"post","link":"https:\/\/blog.zitnik.si\/?p=12","title":{"rendered":"Mednarodni obrtni sejem &#8211; MOS 2008"},"content":{"rendered":"<p style=\"text-align: left;\">Kot vsako leto se ob podobnem \u010dasu v isith prostorih odvija sejem, kjer se predstavljajo razli\u010dna podjetja s svojimi produkti.<\/p>\n<p style=\"text-align: left;\">Leto\u0161nja ponudba se mi ni zdela ni\u010d kaj revolucionarna, oz. lahko bi rekel, da se vsako leto vidi manj novosti. Mogo\u010de zato, ker se preko drugih kanalov &#8211; &#8220;interneta&#8221; lahko \u0161ir\u0161o mno\u017eico hitro obvesti o potencialno zanimivih produktih.<\/p>\n<p style=\"text-align: left;\">Pa za\u010dnimo:<\/p>\n<p style=\"text-align: left;\">Hostes kot promotork ni bilo veliko ali jih ni bilo, saj ne gre za avtomobilski sejem. \u010ce seveda malih Aixam-ov ne \u0161tejemo k avtomobilom.<\/p>\n<p style=\"text-align: left;\">Vrhunsko policijsko vozilo:<\/p>\n<p style=\"text-align: center;\"><a href=\"https:\/\/blog.zitnik.si\/wp-content\/uploads\/2008\/09\/14092008044.jpg\"><img loading=\"lazy\" decoding=\"async\" class=\"size-full wp-image-13 aligncenter\" title=\"Policijsko vozilo - \\\" src=\"https:\/\/blog.zitnik.si\/wp-content\/uploads\/2008\/09\/14092008044.jpg\" alt=\"\" width=\"500\" height=\"375\" \/><\/a><\/p>\n<p style=\"text-align: left;\">Deska za sneg (normalna izvedba):<\/p>\n<p style=\"text-align: center;\"><a href=\"https:\/\/blog.zitnik.si\/wp-content\/uploads\/2008\/09\/140920080451.jpg\"><img loading=\"lazy\" decoding=\"async\" class=\"size-full wp-image-17\" title=\"Deska za sneg\" src=\"https:\/\/blog.zitnik.si\/wp-content\/uploads\/2008\/09\/140920080451.jpg\" alt=\"\" width=\"500\" height=\"375\" \/><\/a><\/p>\n<p style=\"text-align: left;\">Stol, pridobljen iz oblikovane korenine:<a href=\"https:\/\/blog.zitnik.si\/wp-content\/uploads\/2008\/09\/14092008047.jpg\"><\/a><\/p>\n<p style=\"text-align: center;\"><img loading=\"lazy\" decoding=\"async\" class=\"size-full wp-image-15\" title=\"Stol iz korenine\" src=\"https:\/\/blog.zitnik.si\/wp-content\/uploads\/2008\/09\/14092008047.jpg\" alt=\"\" width=\"500\" height=\"375\" \/><\/p>\n<p style=\"text-align: left;\">\u017delezni komplet:<\/p>\n<p style=\"text-align: center;\"><a href=\"https:\/\/blog.zitnik.si\/wp-content\/uploads\/2008\/09\/14092008043.jpg\"><img loading=\"lazy\" decoding=\"async\" class=\"size-full wp-image-18 aligncenter\" title=\"\u017delezni komplet\" src=\"https:\/\/blog.zitnik.si\/wp-content\/uploads\/2008\/09\/14092008043.jpg\" alt=\"\" width=\"500\" height=\"375\" \/><\/a><\/p>\n<p style=\"text-align: left;\">Vino z okusom jagode (prvotno predstavljen s strani Matica P.):<\/p>\n<p style=\"text-align: center;\"><a href=\"https:\/\/blog.zitnik.si\/wp-content\/uploads\/2008\/09\/14092008048.jpg\"><img loading=\"lazy\" decoding=\"async\" class=\"size-full wp-image-16\" title=\"Bi \u0161e\" src=\"https:\/\/blog.zitnik.si\/wp-content\/uploads\/2008\/09\/14092008048.jpg\" alt=\"\" width=\"486\" height=\"648\" \/><\/a><\/p>\n<p style=\"text-align: left;\">Na &#8220;glavnem&#8221; odru so se na pol ure predstavljali desetniki slovenske voja\u0161ke policije in obiskovalcem kazali obvladovanje borilnih ve\u0161\u010din s 60% mo\u010di. Med njimi je bilo tudi nekaj \u017eensk s katerimi ne bi bilo dobro nepravi\u010dno zobati \u010de\u0161enj. Ko pa je okoli 13h za\u010delo de\u017eevati, je sejem za\u010del naglo izgubljati obiskovalce in gotovo se jim bo to tudi poznalo na dnevnem zaslu\u017eku.<\/p>\n<p style=\"text-align: left;\">Pleskavice pa so bile po 6\u20ac, srednje kvalitete.<\/p>\n<div style=\"margin-top: 0px; margin-bottom: 0px;\" class=\"sharethis-inline-share-buttons\" ><\/div>","protected":false},"excerpt":{"rendered":"<p>Kot vsako leto se ob podobnem \u010dasu v isith prostorih odvija sejem, kjer se predstavljajo razli\u010dna podjetja s svojimi produkti. Leto\u0161nja ponudba se mi ni zdela ni\u010d kaj revolucionarna, oz. lahko bi rekel, da se vsako leto vidi manj novosti. Mogo\u010de zato, ker se preko drugih kanalov &#8211; &#8220;interneta&#8221; lahko&#8230;<\/p>\n<div class=\"more-link-wrapper\"><a class=\"more-link\" href=\"https:\/\/blog.zitnik.si\/?p=12\">Continue reading<span class=\"screen-reader-text\">Mednarodni obrtni sejem &#8211; MOS 2008<\/span><\/a><\/div>\n","protected":false},"author":1,"featured_media":0,"comment_status":"open","ping_status":"open","sticky":false,"template":"","format":"standard","meta":{"footnotes":""},"categories":[30],"tags":[],"class_list":["post-12","post","type-post","status-publish","format-standard","hentry","category-free-time","entry"],"_links":{"self":[{"href":"https:\/\/blog.zitnik.si\/index.php?rest_route=\/wp\/v2\/posts\/12","targetHints":{"allow":["GET"]}}],"collection":[{"href":"https:\/\/blog.zitnik.si\/index.php?rest_route=\/wp\/v2\/posts"}],"about":[{"href":"https:\/\/blog.zitnik.si\/index.php?rest_route=\/wp\/v2\/types\/post"}],"author":[{"embeddable":true,"href":"https:\/\/blog.zitnik.si\/index.php?rest_route=\/wp\/v2\/users\/1"}],"replies":[{"embeddable":true,"href":"https:\/\/blog.zitnik.si\/index.php?rest_route=%2Fwp%2Fv2%2Fcomments&post=12"}],"version-history":[{"count":1,"href":"https:\/\/blog.zitnik.si\/index.php?rest_route=\/wp\/v2\/posts\/12\/revisions"}],"predecessor-version":[{"id":1519,"href":"https:\/\/blog.zitnik.si\/index.php?rest_route=\/wp\/v2\/posts\/12\/revisions\/1519"}],"wp:attachment":[{"href":"https:\/\/blog.zitnik.si\/index.php?rest_route=%2Fwp%2Fv2%2Fmedia&parent=12"}],"wp:term":[{"taxonomy":"category","embeddable":true,"href":"https:\/\/blog.zitnik.si\/index.php?rest_route=%2Fwp%2Fv2%2Fcategories&post=12"},{"taxonomy":"post_tag","embeddable":true,"href":"https:\/\/blog.zitnik.si\/index.php?rest_route=%2Fwp%2Fv2%2Ftags&post=12"}],"curies":[{"name":"wp","href":"https:\/\/api.w.org\/{rel}","templated":true}]}}